{"id":6333,"date":"2021-03-14T12:43:47","date_gmt":"2021-03-14T10:43:47","guid":{"rendered":"https:\/\/eu.individuelcosmetics.com\/?p=6333"},"modified":"2021-03-14T12:43:47","modified_gmt":"2021-03-14T10:43:47","slug":"individuel-pro-the-beauty-revolution-is-coming-home","status":"publish","type":"post","link":"https:\/\/eu.individuelcosmetics.com\/de\/uncategorized\/individuel-pro-the-beauty-revolution-is-coming-home\/","title":{"rendered":"Individuel Pro \u2013 Die Beauty-Revolution kommt nach Hause"},"content":{"rendered":"<p><strong>Individuel Pro \u2013 \nDie Sch\u00f6nheitsrevolution kommt nach Hause\nIndividuel Pro bringt modernste Beauty-Technologie an Ihre Haust\u00fcr.<\/strong><\/p>\n<p>Mit personalisierten Kapseln in einem benutzerfreundlichen Ger\u00e4t k\u00f6nnen Sie Ihre pers\u00f6nliche Sch\u00f6nheit bequem von zu Hause aus zur Geltung bringen.<\/p>\n<p><strong>\u00a0Nur 8 Minuten Behandlung<\/strong><\/p>\n<ul>\n<li>Eine Kapsel einmal pro Woche<\/li>\n<li>Innovativ, schnell und einfach zu bedienen<\/li>\n<li>Sofort sichtbare Ergebnisse nach der ersten Behandlung<\/li>\n<li>Eine nicht-invasive Behandlung<\/li>\n<li>Eine nicht-chirurgische Behandlung<\/li>\n<li>Umfassendes Angebot von 360 Behandlungen<\/li>\n<li>Die einzige nicht-chirurgische Methode, die Alterserscheinungen behandelt<\/li>\n<\/ul>","protected":false},"excerpt":{"rendered":"<p>Individuel pro brings cutting-edge beauty technology to your doorstep. Personalized capsules in an easy to use device will enable you to bring out your personal beauty from the comfort of your home. \u00a0Only 8 minutes treatment one capsule once a week Innovative, quick and easy to operate Immediate visible results from the first treatment A [&hellip;]<\/p>","protected":false},"author":1,"featured_media":0,"comment_status":"open","ping_status":"open","sticky":false,"template":"","format":"standard","meta":{"_joinchat":[]},"categories":[1],"tags":[],"yoast_head":"<!-- This site is optimized with the Yoast SEO plugin v20.8 - https:\/\/yoast.com\/wordpress\/plugins\/seo\/ -->\n<title>Individuel Pro \u2013 The beauty revolution is coming home - Individuel Cosmetique<\/title>\n<meta name=\"robots\" content=\"noindex, follow, max-snippet:-1, max-image-preview:large, max-video-preview:-1\" \/>\n<meta property=\"og:locale\" content=\"de_DE\" \/>\n<meta property=\"og:type\" content=\"article\" \/>\n<meta property=\"og:title\" content=\"Individuel Pro \u2013 The beauty revolution is coming home - Individuel Cosmetique\" \/>\n<meta property=\"og:description\" content=\"Individuel pro brings cutting-edge beauty technology to your doorstep. Personalized capsules in an easy to use device will enable you to bring out your personal beauty from the comfort of your home. \u00a0Only 8 minutes treatment one capsule once a week Innovative, quick and easy to operate Immediate visible results from the first treatment A [&hellip;]\" \/>\n<meta property=\"og:url\" content=\"https:\/\/eu.individuelcosmetics.com\/de\/uncategorized\/individuel-pro-the-beauty-revolution-is-coming-home\/\" \/>\n<meta property=\"og:site_name\" content=\"Individuel Cosmetique\" \/>\n<meta property=\"article:published_time\" content=\"2021-03-14T10:43:47+00:00\" \/>\n<meta name=\"author\" content=\"keren\" \/>\n<meta name=\"twitter:card\" content=\"summary_large_image\" \/>\n<meta name=\"twitter:label1\" content=\"Verfasst von\" \/>\n\t<meta name=\"twitter:data1\" content=\"keren\" \/>\n<script type=\"application\/ld+json\" class=\"yoast-schema-graph\">{\"@context\":\"https:\/\/schema.org\",\"@graph\":[{\"@type\":\"Article\",\"@id\":\"https:\/\/eu.individuelcosmetics.com\/uncategorized\/individuel-pro-the-beauty-revolution-is-coming-home\/#article\",\"isPartOf\":{\"@id\":\"https:\/\/eu.individuelcosmetics.com\/uncategorized\/individuel-pro-the-beauty-revolution-is-coming-home\/\"},\"author\":{\"name\":\"keren\",\"@id\":\"https:\/\/eu.individuelcosmetics.com\/#\/schema\/person\/ca8af45802156b474081d465a1f5663a\"},\"headline\":\"Individuel Pro \u2013 The beauty revolution is coming home\",\"datePublished\":\"2021-03-14T10:43:47+00:00\",\"dateModified\":\"2021-03-14T10:43:47+00:00\",\"mainEntityOfPage\":{\"@id\":\"https:\/\/eu.individuelcosmetics.com\/uncategorized\/individuel-pro-the-beauty-revolution-is-coming-home\/\"},\"wordCount\":81,\"commentCount\":0,\"publisher\":{\"@id\":\"https:\/\/eu.individuelcosmetics.com\/#organization\"},\"articleSection\":[\"Uncategorized\"],\"inLanguage\":\"de\",\"potentialAction\":[{\"@type\":\"CommentAction\",\"name\":\"Comment\",\"target\":[\"https:\/\/eu.individuelcosmetics.com\/uncategorized\/individuel-pro-the-beauty-revolution-is-coming-home\/#respond\"]}]},{\"@type\":\"WebPage\",\"@id\":\"https:\/\/eu.individuelcosmetics.com\/uncategorized\/individuel-pro-the-beauty-revolution-is-coming-home\/\",\"url\":\"https:\/\/eu.individuelcosmetics.com\/uncategorized\/individuel-pro-the-beauty-revolution-is-coming-home\/\",\"name\":\"Individuel Pro \u2013 The beauty revolution is coming home - Individuel Cosmetique\",\"isPartOf\":{\"@id\":\"https:\/\/eu.individuelcosmetics.com\/#website\"},\"datePublished\":\"2021-03-14T10:43:47+00:00\",\"dateModified\":\"2021-03-14T10:43:47+00:00\",\"breadcrumb\":{\"@id\":\"https:\/\/eu.individuelcosmetics.com\/uncategorized\/individuel-pro-the-beauty-revolution-is-coming-home\/#breadcrumb\"},\"inLanguage\":\"de\",\"potentialAction\":[{\"@type\":\"ReadAction\",\"target\":[\"https:\/\/eu.individuelcosmetics.com\/uncategorized\/individuel-pro-the-beauty-revolution-is-coming-home\/\"]}]},{\"@type\":\"BreadcrumbList\",\"@id\":\"https:\/\/eu.individuelcosmetics.com\/uncategorized\/individuel-pro-the-beauty-revolution-is-coming-home\/#breadcrumb\",\"itemListElement\":[{\"@type\":\"ListItem\",\"position\":1,\"name\":\"Home\",\"item\":\"https:\/\/eu.individuelcosmetics.com\/\"},{\"@type\":\"ListItem\",\"position\":2,\"name\":\"Individuel Pro \u2013 The beauty revolution is coming home\"}]},{\"@type\":\"WebSite\",\"@id\":\"https:\/\/eu.individuelcosmetics.com\/#website\",\"url\":\"https:\/\/eu.individuelcosmetics.com\/\",\"name\":\"Individuel Cosmetique\",\"description\":\"Tailor Made Beauty\",\"publisher\":{\"@id\":\"https:\/\/eu.individuelcosmetics.com\/#organization\"},\"potentialAction\":[{\"@type\":\"SearchAction\",\"target\":{\"@type\":\"EntryPoint\",\"urlTemplate\":\"https:\/\/eu.individuelcosmetics.com\/?s={search_term_string}\"},\"query-input\":\"required name=search_term_string\"}],\"inLanguage\":\"de\"},{\"@type\":\"Organization\",\"@id\":\"https:\/\/eu.individuelcosmetics.com\/#organization\",\"name\":\"Individuel Cosmetique\",\"url\":\"https:\/\/eu.individuelcosmetics.com\/\",\"logo\":{\"@type\":\"ImageObject\",\"inLanguage\":\"de\",\"@id\":\"https:\/\/eu.individuelcosmetics.com\/#\/schema\/logo\/image\/\",\"url\":\"https:\/\/eu.individuelcosmetics.com\/wp-content\/uploads\/2021\/09\/indilogo.png\",\"contentUrl\":\"https:\/\/eu.individuelcosmetics.com\/wp-content\/uploads\/2021\/09\/indilogo.png\",\"width\":175,\"height\":68,\"caption\":\"Individuel Cosmetique\"},\"image\":{\"@id\":\"https:\/\/eu.individuelcosmetics.com\/#\/schema\/logo\/image\/\"}},{\"@type\":\"Person\",\"@id\":\"https:\/\/eu.individuelcosmetics.com\/#\/schema\/person\/ca8af45802156b474081d465a1f5663a\",\"name\":\"keren\",\"image\":{\"@type\":\"ImageObject\",\"inLanguage\":\"de\",\"@id\":\"https:\/\/eu.individuelcosmetics.com\/#\/schema\/person\/image\/\",\"url\":\"https:\/\/secure.gravatar.com\/avatar\/d72de090a8047269764c1b5649e0fa04?s=96&d=mm&r=g\",\"contentUrl\":\"https:\/\/secure.gravatar.com\/avatar\/d72de090a8047269764c1b5649e0fa04?s=96&d=mm&r=g\",\"caption\":\"keren\"},\"url\":\"https:\/\/eu.individuelcosmetics.com\/de\/author\/keren\/\"}]}<\/script>\n<!-- \/ Yoast SEO plugin. -->","yoast_head_json":{"title":"Individuel Pro \u2013 The beauty revolution is coming home - Individuel Cosmetique","robots":{"index":"noindex","follow":"follow","max-snippet":"max-snippet:-1","max-image-preview":"max-image-preview:large","max-video-preview":"max-video-preview:-1"},"og_locale":"de_DE","og_type":"article","og_title":"Individuel Pro \u2013 The beauty revolution is coming home - Individuel Cosmetique","og_description":"Individuel pro brings cutting-edge beauty technology to your doorstep. Personalized capsules in an easy to use device will enable you to bring out your personal beauty from the comfort of your home. \u00a0Only 8 minutes treatment one capsule once a week Innovative, quick and easy to operate Immediate visible results from the first treatment A [&hellip;]","og_url":"https:\/\/eu.individuelcosmetics.com\/de\/uncategorized\/individuel-pro-the-beauty-revolution-is-coming-home\/","og_site_name":"Individuel Cosmetique","article_published_time":"2021-03-14T10:43:47+00:00","author":"keren","twitter_card":"summary_large_image","twitter_misc":{"Verfasst von":"keren"},"schema":{"@context":"https:\/\/schema.org","@graph":[{"@type":"Article","@id":"https:\/\/eu.individuelcosmetics.com\/uncategorized\/individuel-pro-the-beauty-revolution-is-coming-home\/#article","isPartOf":{"@id":"https:\/\/eu.individuelcosmetics.com\/uncategorized\/individuel-pro-the-beauty-revolution-is-coming-home\/"},"author":{"name":"keren","@id":"https:\/\/eu.individuelcosmetics.com\/#\/schema\/person\/ca8af45802156b474081d465a1f5663a"},"headline":"Individuel Pro \u2013 The beauty revolution is coming home","datePublished":"2021-03-14T10:43:47+00:00","dateModified":"2021-03-14T10:43:47+00:00","mainEntityOfPage":{"@id":"https:\/\/eu.individuelcosmetics.com\/uncategorized\/individuel-pro-the-beauty-revolution-is-coming-home\/"},"wordCount":81,"commentCount":0,"publisher":{"@id":"https:\/\/eu.individuelcosmetics.com\/#organization"},"articleSection":["Uncategorized"],"inLanguage":"de","potentialAction":[{"@type":"CommentAction","name":"Comment","target":["https:\/\/eu.individuelcosmetics.com\/uncategorized\/individuel-pro-the-beauty-revolution-is-coming-home\/#respond"]}]},{"@type":"WebPage","@id":"https:\/\/eu.individuelcosmetics.com\/uncategorized\/individuel-pro-the-beauty-revolution-is-coming-home\/","url":"https:\/\/eu.individuelcosmetics.com\/uncategorized\/individuel-pro-the-beauty-revolution-is-coming-home\/","name":"Individuel Pro \u2013 The beauty revolution is coming home - Individuel Cosmetique","isPartOf":{"@id":"https:\/\/eu.individuelcosmetics.com\/#website"},"datePublished":"2021-03-14T10:43:47+00:00","dateModified":"2021-03-14T10:43:47+00:00","breadcrumb":{"@id":"https:\/\/eu.individuelcosmetics.com\/uncategorized\/individuel-pro-the-beauty-revolution-is-coming-home\/#breadcrumb"},"inLanguage":"de","potentialAction":[{"@type":"ReadAction","target":["https:\/\/eu.individuelcosmetics.com\/uncategorized\/individuel-pro-the-beauty-revolution-is-coming-home\/"]}]},{"@type":"BreadcrumbList","@id":"https:\/\/eu.individuelcosmetics.com\/uncategorized\/individuel-pro-the-beauty-revolution-is-coming-home\/#breadcrumb","itemListElement":[{"@type":"ListItem","position":1,"name":"Home","item":"https:\/\/eu.individuelcosmetics.com\/"},{"@type":"ListItem","position":2,"name":"Individuel Pro \u2013 The beauty revolution is coming home"}]},{"@type":"WebSite","@id":"https:\/\/eu.individuelcosmetics.com\/#website","url":"https:\/\/eu.individuelcosmetics.com\/","name":"Individuel Cosmetique","description":"Tailor Made Beauty","publisher":{"@id":"https:\/\/eu.individuelcosmetics.com\/#organization"},"potentialAction":[{"@type":"SearchAction","target":{"@type":"EntryPoint","urlTemplate":"https:\/\/eu.individuelcosmetics.com\/?s={search_term_string}"},"query-input":"required name=search_term_string"}],"inLanguage":"de"},{"@type":"Organization","@id":"https:\/\/eu.individuelcosmetics.com\/#organization","name":"Individuel Cosmetique","url":"https:\/\/eu.individuelcosmetics.com\/","logo":{"@type":"ImageObject","inLanguage":"de","@id":"https:\/\/eu.individuelcosmetics.com\/#\/schema\/logo\/image\/","url":"https:\/\/eu.individuelcosmetics.com\/wp-content\/uploads\/2021\/09\/indilogo.png","contentUrl":"https:\/\/eu.individuelcosmetics.com\/wp-content\/uploads\/2021\/09\/indilogo.png","width":175,"height":68,"caption":"Individuel Cosmetique"},"image":{"@id":"https:\/\/eu.individuelcosmetics.com\/#\/schema\/logo\/image\/"}},{"@type":"Person","@id":"https:\/\/eu.individuelcosmetics.com\/#\/schema\/person\/ca8af45802156b474081d465a1f5663a","name":"keren","image":{"@type":"ImageObject","inLanguage":"de","@id":"https:\/\/eu.individuelcosmetics.com\/#\/schema\/person\/image\/","url":"https:\/\/secure.gravatar.com\/avatar\/d72de090a8047269764c1b5649e0fa04?s=96&d=mm&r=g","contentUrl":"https:\/\/secure.gravatar.com\/avatar\/d72de090a8047269764c1b5649e0fa04?s=96&d=mm&r=g","caption":"keren"},"url":"https:\/\/eu.individuelcosmetics.com\/de\/author\/keren\/"}]}},"_links":{"self":[{"href":"https:\/\/eu.individuelcosmetics.com\/de\/wp-json\/wp\/v2\/posts\/6333"}],"collection":[{"href":"https:\/\/eu.individuelcosmetics.com\/de\/wp-json\/wp\/v2\/posts"}],"about":[{"href":"https:\/\/eu.individuelcosmetics.com\/de\/wp-json\/wp\/v2\/types\/post"}],"author":[{"embeddable":true,"href":"https:\/\/eu.individuelcosmetics.com\/de\/wp-json\/wp\/v2\/users\/1"}],"replies":[{"embeddable":true,"href":"https:\/\/eu.individuelcosmetics.com\/de\/wp-json\/wp\/v2\/comments?post=6333"}],"version-history":[{"count":1,"href":"https:\/\/eu.individuelcosmetics.com\/de\/wp-json\/wp\/v2\/posts\/6333\/revisions"}],"predecessor-version":[{"id":6334,"href":"https:\/\/eu.individuelcosmetics.com\/de\/wp-json\/wp\/v2\/posts\/6333\/revisions\/6334"}],"wp:attachment":[{"href":"https:\/\/eu.individuelcosmetics.com\/de\/wp-json\/wp\/v2\/media?parent=6333"}],"wp:term":[{"taxonomy":"category","embeddable":true,"href":"https:\/\/eu.individuelcosmetics.com\/de\/wp-json\/wp\/v2\/categories?post=6333"},{"taxonomy":"post_tag","embeddable":true,"href":"https:\/\/eu.individuelcosmetics.com\/de\/wp-json\/wp\/v2\/tags?post=6333"}],"curies":[{"name":"wp","href":"https:\/\/api.w.org\/{rel}","templated":true}]}}